{"id":728,"date":"2024-04-02T08:19:37","date_gmt":"2024-04-02T08:19:37","guid":{"rendered":"https:\/\/conversationslexikon.de\/?p=728"},"modified":"2024-04-02T08:19:37","modified_gmt":"2024-04-02T08:19:37","slug":"f-wie-feierabend-teaser","status":"publish","type":"post","link":"https:\/\/conversationslexikon.de\/?p=728","title":{"rendered":"F wie Feierabend &#8211; Teaser"},"content":{"rendered":"\n<p>Bald ist es soweit und F wie Feierabend wird auf SWR 2 gesendet. <br>Als Vorgeschmack: Der Teaser! es wird ein Vergn\u00fcgen!<\/p>\n\n\n\n<figure class=\"wp-block-embed is-type-rich is-provider-soundcloud wp-block-embed-soundcloud\"><div class=\"wp-block-embed__wrapper\">\n<div class=\"responsive-container\"><iframe loading=\"lazy\" title=\"#drcc: F wie Feierabend - Teaser by achod\" width=\"500\" height=\"400\" scrolling=\"no\" frameborder=\"no\" src=\"https:\/\/w.soundcloud.com\/player\/?visual=true&#038;url=https%3A%2F%2Fapi.soundcloud.com%2Ftracks%2F1790434801&#038;show_artwork=true&#038;maxheight=750&#038;maxwidth=500\"><\/iframe><\/div>\n<\/div><\/figure>\n\n\n\n<p><strong>Die Show-Gala f\u00fcr einen Begriff.<\/strong> Die #drccallstsars zu Gast im Feierabendhaus Ludwigshafen auf der Suche nach dem Feierabend. Nach der Arbeit kommt alles andere: Der K\u00fchlschrank muss gef\u00fcllt, die Haare geschnitten, die W\u00e4sche gewaschen und der M\u00fcll rausgebracht werden. Und dann? Konzert, Theater, Verein? Kneipe? Internet? Sofa? Oder raus ins Gr\u00fcne? Die Industrialisierung schuf sich zwischen Kirche, Staat und Gewerkschaft in Europa ihre eigene Woche: 5 Tage + Wochenend- und Feiertagszuschl\u00e4ge! Ein gro\u00dfer Verdienst: kulturell, politisch, religi\u00f6s und regional \u2013 ein Konsens! Und heute? Die Woche zwischen Supply-Chain, Betriebssport, Homeoffice, 24\/7, Effizienz, Arbeitslosigkeit und Patchwork ist eine andere: Die Zeit erfindet sich neu, das Gemeinsame erfindet sich neu, die Gesellschaft formiert sich neu. Also, alles nochmal von vorn: Was ist eigentlich Feierabend? Und wer repariert die 5-Uhr Sirene?<\/p>\n\n\n\n<p><em>Dr. C\u2019s Conversationslexikon: F wie Feierabend. Eine \u00f6konomische Radio-Revue-Reihe zur Therapie grassierender Ahnungslosigkeit von und mit: Armin Chodzinski, Katja Danowski, Andreas Gr\u00f6tzinger, Nemea Holme, Frank Gustavus, Nis K\u00f6tting, Ruth Marie Kr\u00f6ger, Iris Minich, Gerd Bauder, Alex Jezdinski, Ricarda Walter, Guillaume Paoli, Claus Noppeney,&nbsp; J\u00fcrgen Becker und Frederike Borntr\u00e4ger Redaktion Walter Filz. SWR 2023.&nbsp;<\/em><\/p>\n\n\n\n<p><strong>PODCAST: Begleitend zu F WIE FEIERABEND<\/strong><\/p>\n\n\n\n<p>F wie Feierabend &#8211; Was ist eigentlich Feierabend? Eine kleine Gespr\u00e4chsreihe zu einem banalen, aber komplexen Wort.&nbsp;<\/p>\n\n\n\n<figure class=\"wp-block-embed is-type-rich is-provider-soundcloud wp-block-embed-soundcloud wp-embed-aspect-4-3 wp-has-aspect-ratio\"><div class=\"wp-block-embed__wrapper\">\n<div class=\"responsive-container\"><iframe loading=\"lazy\" title=\"F wie Feierabend by achod\" width=\"500\" height=\"450\" scrolling=\"no\" frameborder=\"no\" src=\"https:\/\/w.soundcloud.com\/player\/?visual=true&#038;url=https%3A%2F%2Fapi.soundcloud.com%2Fplaylists%2F1385631304&#038;show_artwork=true&#038;maxheight=750&#038;maxwidth=500\"><\/iframe><\/div>\n<\/div><\/figure>\n\n\n\n<p><strong>PALYLIST YOUTUBE: Begleitend zum Conversationslexikon<\/strong><\/p>\n\n\n\n<figure class=\"wp-block-embed is-type-video is-provider-youtube wp-block-embed-youtube wp-embed-aspect-16-9 wp-has-aspect-ratio\"><div class=\"wp-block-embed__wrapper\">\n<div class=\"responsive-container\"><iframe loading=\"lazy\" title=\"F wie Feierabend\" width=\"500\" height=\"281\" src=\"https:\/\/www.youtube.com\/embed\/videoseries?list=PLPM2e-EBm8blL3QO3RRBeoXlLl3DbpNlv\" frameborder=\"0\" allow=\"accelerometer; autoplay; clipboard-write; encrypted-media; gyroscope; picture-in-picture; web-share\" referrerpolicy=\"strict-origin-when-cross-origin\" allowfullscreen><\/iframe><\/div>\n<\/div><\/figure>\n","protected":false},"excerpt":{"rendered":"<p>Bald ist es soweit und F wie Feierabend wird auf SWR 2 gesendet. Als Vorgeschmack: Der Teaser! es wird ein Vergn\u00fcgen! Die Show-Gala f\u00fcr einen Begriff. Die #drccallstsars zu Gast [&hellip;]<\/p>\n","protected":false},"author":2,"featured_media":729,"comment_status":"closed","ping_status":"closed","sticky":false,"template":"","format":"standard","meta":{"footnotes":""},"categories":[105],"tags":[],"jetpack_featured_media_url":"https:\/\/conversationslexikon.de\/wp-content\/uploads\/2024\/04\/TXT_MS22_046_Kultur-Festwoche_TXT.jpeg","_links":{"self":[{"href":"https:\/\/conversationslexikon.de\/index.php?rest_route=\/wp\/v2\/posts\/728"}],"collection":[{"href":"https:\/\/conversationslexikon.de\/index.php?rest_route=\/wp\/v2\/posts"}],"about":[{"href":"https:\/\/conversationslexikon.de\/index.php?rest_route=\/wp\/v2\/types\/post"}],"author":[{"embeddable":true,"href":"https:\/\/conversationslexikon.de\/index.php?rest_route=\/wp\/v2\/users\/2"}],"replies":[{"embeddable":true,"href":"https:\/\/conversationslexikon.de\/index.php?rest_route=%2Fwp%2Fv2%2Fcomments&post=728"}],"version-history":[{"count":2,"href":"https:\/\/conversationslexikon.de\/index.php?rest_route=\/wp\/v2\/posts\/728\/revisions"}],"predecessor-version":[{"id":731,"href":"https:\/\/conversationslexikon.de\/index.php?rest_route=\/wp\/v2\/posts\/728\/revisions\/731"}],"wp:featuredmedia":[{"embeddable":true,"href":"https:\/\/conversationslexikon.de\/index.php?rest_route=\/wp\/v2\/media\/729"}],"wp:attachment":[{"href":"https:\/\/conversationslexikon.de\/index.php?rest_route=%2Fwp%2Fv2%2Fmedia&parent=728"}],"wp:term":[{"taxonomy":"category","embeddable":true,"href":"https:\/\/conversationslexikon.de\/index.php?rest_route=%2Fwp%2Fv2%2Fcategories&post=728"},{"taxonomy":"post_tag","embeddable":true,"href":"https:\/\/conversationslexikon.de\/index.php?rest_route=%2Fwp%2Fv2%2Ftags&post=728"}],"curies":[{"name":"wp","href":"https:\/\/api.w.org\/{rel}","templated":true}]}}