{"id":717,"date":"2024-03-19T16:05:41","date_gmt":"2024-03-19T16:05:41","guid":{"rendered":"https:\/\/conversationslexikon.de\/?p=717"},"modified":"2024-03-13T17:04:55","modified_gmt":"2024-03-13T17:04:55","slug":"feierabend-haus","status":"publish","type":"post","link":"https:\/\/conversationslexikon.de\/?p=717","title":{"rendered":"feierabend.haus"},"content":{"rendered":"\n<p>Um das Thema des Feierabends gab es nicht nur eine Show im Feierabendhaus Ludwigshafen, sondern auch ein \u00f6ffentliche Recherche. <\/p>\n\n\n\n<p>Auf der Webseite <strong><a href=\"https:\/\/feierabend.haus\">www.feierabend.haus <\/a><\/strong>wurden Beitr\u00e4ge gesammelt und auf <strong><a href=\"https:\/\/www.instagram.com\/feierabend.haus?igsh=MWV4eDB0cW1udWloOQ%3D%3D&amp;utm_source=qr\">Instagram<\/a><\/strong> wurden Materialien zusammengef\u00fchrt.<\/p>\n\n\n\n<p>Eine wilde Sammlung rund um das Thema <strong>Feierabend<\/strong>.<\/p>\n\n\n\n<figure class=\"wp-block-image size-large\"><img loading=\"lazy\" decoding=\"async\" width=\"1024\" height=\"668\" src=\"https:\/\/conversationslexikon.de\/wp-content\/uploads\/2024\/03\/Bildschirmfoto-2022-07-07-um-20.34.37-1024x668.png\" alt=\"\" class=\"wp-image-719\" srcset=\"https:\/\/conversationslexikon.de\/wp-content\/uploads\/2024\/03\/Bildschirmfoto-2022-07-07-um-20.34.37-1024x668.png 1024w, https:\/\/conversationslexikon.de\/wp-content\/uploads\/2024\/03\/Bildschirmfoto-2022-07-07-um-20.34.37-300x196.png 300w, https:\/\/conversationslexikon.de\/wp-content\/uploads\/2024\/03\/Bildschirmfoto-2022-07-07-um-20.34.37-768x501.png 768w, https:\/\/conversationslexikon.de\/wp-content\/uploads\/2024\/03\/Bildschirmfoto-2022-07-07-um-20.34.37-1536x1001.png 1536w, https:\/\/conversationslexikon.de\/wp-content\/uploads\/2024\/03\/Bildschirmfoto-2022-07-07-um-20.34.37-640x417.png 640w, https:\/\/conversationslexikon.de\/wp-content\/uploads\/2024\/03\/Bildschirmfoto-2022-07-07-um-20.34.37-767x500.png 767w, https:\/\/conversationslexikon.de\/wp-content\/uploads\/2024\/03\/Bildschirmfoto-2022-07-07-um-20.34.37.png 1678w\" sizes=\"(max-width: 1024px) 100vw, 1024px\" \/><\/figure>\n\n\n\n<p><strong><mark style=\"background-color:rgba(0, 0, 0, 0)\" class=\"has-inline-color has-vivid-red-color\">Das Projekt kann in G\u00e4nze wie folgt beschrieben werden: <\/mark><\/strong><\/p>\n\n\n\n<p>Kompositionsauftr\u00e4ge und Komponistenportraits geh\u00f6ren seit vielen Jahren zur guten und erprobten Praxis des&nbsp;<strong><a rel=\"noreferrer noopener\" href=\"https:\/\/www.basf.com\/global\/de\/who-we-are\/organization\/locations\/europe\/german-sites\/ludwigshafen\/gesellschaftliches-engagement\/woran-wir-arbeiten\/arts-and-culture.html\" target=\"_blank\">BASF-Konzertprogramms<\/a><\/strong>. Sie geben dem Komponisten \/ der Komponistin die M\u00f6glichkeit, zu gesellschaftlichen Entwicklungen \u2013 im engen Austausch mit allen Beteiligten \u2013 eine k\u00fcnstlerische Position zu beziehen.&nbsp;<\/p>\n\n\n\n<p>Vor drei Jahren hat BASF das Kulturf\u00f6rderprogramm&nbsp;<strong><a rel=\"noreferrer noopener\" href=\"https:\/\/www.basf.com\/global\/de\/who-we-are\/organization\/locations\/europe\/german-sites\/ludwigshafen\/gesellschaftliches-engagement\/woran-wir-arbeiten\/arts-and-culture\/Tor4.html\" target=\"_blank\">Tor 4 \u2013 f\u00f6rdert Kunst<\/a><\/strong>&nbsp;mit dem Ziel gestartet gesellschaftliche Positionen zu verhandeln und sich dazu k\u00fcnstlerischer Mittel zu bedienen. Nun beauftragt auch&nbsp;<strong>Tor 4 \u2013 f\u00f6rdert Kunst<\/strong>&nbsp;einen K\u00fcnstler. Es geht diesmal nicht darum, ein Werk f\u00fcr ein Klassikorchester zu komponieren, sondern darum als Artist in Residence eine Fragestellung zu bearbeiten. F\u00fcr seine Recherchen sucht sich der K\u00fcnstler im Werk Ludwigshafen und in der Stadt Gespr\u00e4chspartner. Seine Arbeit ist als kuratierter Beitrag neben 10 Tor-4 Projekten zu sehen, die sich alle mit der aktuellen Fragestellung besch\u00e4ftigen:&nbsp;<strong><a rel=\"noreferrer noopener\" href=\"https:\/\/www.basf.com\/global\/de\/who-we-are\/organization\/locations\/europe\/german-sites\/ludwigshafen\/gesellschaftliches-engagement\/woran-wir-arbeiten\/arts-and-culture\/Tor4\/muessen-reden.html\" target=\"_blank\">\u201eM\u00fcssen wir denn noch reden?\u201c.<\/a><\/strong><\/p>\n\n\n\n<h4 class=\"wp-block-heading\">BASF vergibt diesen interdisziplin\u00e4ren Auftrag an den bildenden\/darstellenden K\u00fcnstler&nbsp;<a href=\"https:\/\/de.wikipedia.org\/wiki\/Armin_Chodzinski\" target=\"_blank\" rel=\"noreferrer noopener\">Armin Chodzinski<\/a>.<\/h4>\n\n\n\n<p>Das BASF-Feierabendhaus ist der Konzertsaal in Ludwigshafen. Es ist seit 100 Jahren der physisch wahrnehmbare Ort des BASF-Kulturengagements. Daher wird sich Armin Chodzinski als Artist in Residence genau diesen Ort zum Ausgangspunkt seiner Recherche machen:&nbsp;<strong>Feierabend!?<\/strong><\/p>\n\n\n\n<h4 class=\"wp-block-heading\">Die Industrialisierung schuf sich zwischen Kirche, Staat und Gewerkschaft in Europa ihre eigene Woche: 5 Tage + Wochenend- und Feiertagszuschl\u00e4ge!\u00a0<br>Ein gro\u00dfer Verdienst:\u00a0 Kulturell, politisch, religi\u00f6s und regional \u2013 ein Konsens!\u00a0 Und heute? Nach der Arbeit kommt alles andere:\u00a0Der K\u00fchlschrank muss gef\u00fcllt, die Haare geschnitten, die W\u00e4sche gewaschen und der M\u00fcll rausgebracht werden.\u00a0<strong>Und dann?\u00a0Konzert, Theater, Verein? Kneipe? Internet? Sofa? Oder raus ins Gr\u00fcne?<\/strong> <strong>Die Woche zwischen Supply-Chain, Betriebssport, Homeoffice, 24\/7, Effizienz, Arbeitslosigkeit und Patchwork ist eine andere: Die Zeit erfindet sich neu, das Gemeinsame erfindet sich neu, die Gesellschaft formiert sich neu.\u00a0<\/strong><\/h4>\n\n\n\n<p>Also, alles nochmal von vorn: Was machen wir am Feierabend? Wann machen wir Feierabend? Was ist eigentlich Feierabend? Und: Was soll eigentlich ein Feierabendhaus sein?<\/p>\n\n\n\n<p>Recherchen, Beobachtungen und Gespr\u00e4che zwischen Stadtgesellschaft und BASF bilden den Anfang der Auseinandersetzung und Materialsuche. Ein \u00f6ffentlicher Blog, sozusagen ein Arbeitsjournal, dokumentiert den Prozess. In regelm\u00e4\u00dfigen Abst\u00e4nden und an unterschiedlichen Orten innerhalb und au\u00dferhalb der BASF werden Zwischenergebnisse pr\u00e4sentiert: Vitrinen- und Pop-Up-Ausstellungen, Abendveranstaltungen, (Online-)Stammtische, Podcasts, Installationen, Zeichnungen, Videos\u2026 Vielleicht auch etwas ganz anderes, denn Feierabendexperten gibt es viele: Fanclubs, Kleing\u00e4rten, Sportvereine, Arbeitslose, Universit\u00e4ten, Gewerkschaften, Betriebsr\u00e4te, Politiker, Blaum\u00e4nner, Verwaltungsangestellte, Rentner, Aktivisten, Privatiers\u2026<br>Idealerweise m\u00fcndet das Wirken des Werksk\u00fcnstlers in eine abschlie\u00dfende Live-Art-Performance und Ausstellung w\u00e4hrend der Jubil\u00e4ums-Festwoche im November 2021. Wir werden sehen. Covid-19 ist nicht zuletzt auch eine k\u00fcnstlerische Herausforderung.<\/p>\n\n\n\n<p><strong><mark style=\"background-color:rgba(0, 0, 0, 0)\" class=\"has-inline-color has-vivid-red-color\">BESUCHEN SIE DIE WEBSEITE!!!<\/mark><\/strong><\/p>\n\n\n\n<figure class=\"wp-block-image size-large wp-duotone-unset-1\"><a href=\"https:\/\/feierabend.haus\" class=\"img-link\"><img loading=\"lazy\" decoding=\"async\" width=\"879\" height=\"1024\" src=\"https:\/\/conversationslexikon.de\/wp-content\/uploads\/2024\/03\/IMG_6113-879x1024.jpg\" alt=\"\" class=\"wp-image-720\" srcset=\"https:\/\/conversationslexikon.de\/wp-content\/uploads\/2024\/03\/IMG_6113-879x1024.jpg 879w, https:\/\/conversationslexikon.de\/wp-content\/uploads\/2024\/03\/IMG_6113-258x300.jpg 258w, https:\/\/conversationslexikon.de\/wp-content\/uploads\/2024\/03\/IMG_6113-768x894.jpg 768w, https:\/\/conversationslexikon.de\/wp-content\/uploads\/2024\/03\/IMG_6113-1319x1536.jpg 1319w, https:\/\/conversationslexikon.de\/wp-content\/uploads\/2024\/03\/IMG_6113-1758x2048.jpg 1758w, https:\/\/conversationslexikon.de\/wp-content\/uploads\/2024\/03\/IMG_6113-640x745.jpg 640w, https:\/\/conversationslexikon.de\/wp-content\/uploads\/2024\/03\/IMG_6113-1024x1193.jpg 1024w, https:\/\/conversationslexikon.de\/wp-content\/uploads\/2024\/03\/IMG_6113-300x349.jpg 300w, https:\/\/conversationslexikon.de\/wp-content\/uploads\/2024\/03\/IMG_6113-429x500.jpg 429w\" sizes=\"(max-width: 879px) 100vw, 879px\" \/><\/a><\/figure>\n","protected":false},"excerpt":{"rendered":"<p>Um das Thema des Feierabends gab es nicht nur eine Show im Feierabendhaus Ludwigshafen, sondern auch ein \u00f6ffentliche Recherche. Auf der Webseite www.feierabend.haus wurden Beitr\u00e4ge gesammelt und auf Instagram wurden [&hellip;]<\/p>\n","protected":false},"author":2,"featured_media":721,"comment_status":"closed","ping_status":"open","sticky":false,"template":"","format":"standard","meta":{"footnotes":""},"categories":[104],"tags":[],"jetpack_featured_media_url":"https:\/\/conversationslexikon.de\/wp-content\/uploads\/2024\/03\/IMG_0283-scaled.jpg","_links":{"self":[{"href":"https:\/\/conversationslexikon.de\/index.php?rest_route=\/wp\/v2\/posts\/717"}],"collection":[{"href":"https:\/\/conversationslexikon.de\/index.php?rest_route=\/wp\/v2\/posts"}],"about":[{"href":"https:\/\/conversationslexikon.de\/index.php?rest_route=\/wp\/v2\/types\/post"}],"author":[{"embeddable":true,"href":"https:\/\/conversationslexikon.de\/index.php?rest_route=\/wp\/v2\/users\/2"}],"replies":[{"embeddable":true,"href":"https:\/\/conversationslexikon.de\/index.php?rest_route=%2Fwp%2Fv2%2Fcomments&post=717"}],"version-history":[{"count":2,"href":"https:\/\/conversationslexikon.de\/index.php?rest_route=\/wp\/v2\/posts\/717\/revisions"}],"predecessor-version":[{"id":723,"href":"https:\/\/conversationslexikon.de\/index.php?rest_route=\/wp\/v2\/posts\/717\/revisions\/723"}],"wp:featuredmedia":[{"embeddable":true,"href":"https:\/\/conversationslexikon.de\/index.php?rest_route=\/wp\/v2\/media\/721"}],"wp:attachment":[{"href":"https:\/\/conversationslexikon.de\/index.php?rest_route=%2Fwp%2Fv2%2Fmedia&parent=717"}],"wp:term":[{"taxonomy":"category","embeddable":true,"href":"https:\/\/conversationslexikon.de\/index.php?rest_route=%2Fwp%2Fv2%2Fcategories&post=717"},{"taxonomy":"post_tag","embeddable":true,"href":"https:\/\/conversationslexikon.de\/index.php?rest_route=%2Fwp%2Fv2%2Ftags&post=717"}],"curies":[{"name":"wp","href":"https:\/\/api.w.org\/{rel}","templated":true}]}}