{"id":622,"date":"2024-03-12T13:58:54","date_gmt":"2024-03-12T13:58:54","guid":{"rendered":"https:\/\/conversationslexikon.de\/?p=622"},"modified":"2024-03-12T13:58:54","modified_gmt":"2024-03-12T13:58:54","slug":"v-wie-verantwortung","status":"publish","type":"post","link":"https:\/\/conversationslexikon.de\/?p=622","title":{"rendered":"V wie Verantwortung"},"content":{"rendered":"\n<p>Die neue Folge von Dr.C.&#8217;s Conversationslexikon besch\u00e4ftigt sich mit der V wie Verantwortung. <\/p>\n\n\n\n<p>Dr. C. hat sich bei der Auseinandersetzung mit dem Thema derart verstrickt, dass er sich zur\u00fcckgezogen hat. In einem esoterischen Retreat transzendiert er vor sich hin, w\u00e4hrend die anderen versuchen nach besten Wissen und Gewissen den Begriff aufzubohren. <\/p>\n\n\n\n<p>Immer sind alle f\u00fcr alles verantwortlich nur manchmal niemand, n\u00e4mlich dann wenn\u2019s konkret wird. Es gibt Gr\u00fcnde und Herleitungen und Absichten und Argumente und Verst\u00e4ndnis sollten man ja auch haben, denn die Tragweite des eigenen Handelns abzusch\u00e4tzen ist kompliziert und wenn man das immer machen w\u00fcrde, dann k\u00e4me man ja zu gar nichts mehr. Verantwortung ist als Begriff noch gar nicht so alt und so relevant wie heute war er noch nie. Es gibtallerdings sehr unterschiedliche Vorstellungen von Verantwortungen und nicht immer geht es um die Sache, sondern manchmal auch einfach um Macht. Aber wer hat wann \u00fcber wen Macht und warum? Irgendwie stecken wir in diesem Begriff fest, der sich ohne andere gar nicht wirklich denken l\u00e4sst. Verantwortlich \u00fcber Verantwortung nachdenken ist kompliziert, aber es geht nicht anders. Und w\u00e4hrend die einen sich desillusioniert von der Welt abwenden, sind selbst die waghalsigsten Unternehmen so <em>Responsible<\/em> , dass einem die Tr\u00e4nen kommen.\u00a0<\/p>\n\n\n\n<p>Eine Folge mit dem gewohnt wunderbaren Personal des Conversationslexikon &#8211; Andreas Gr\u00f6tzinger, Ruth Marie Kr\u00f6ger und Iris Minnich &#8211;  und der vielfach gew\u00fcnschten Gastsprecherin: <a href=\"https:\/\/de.wikipedia.org\/wiki\/Katja_Danowski\">Katja Danowski<\/a>! Sendetermin im April 2024<\/p>\n\n\n\n<figure class=\"wp-block-audio\"><audio controls src=\"https:\/\/conversationslexikon.de\/wp-content\/uploads\/2024\/03\/DrC_Verantwortung_teaserV2.mp3\"><\/audio><\/figure>\n\n\n\n<figure class=\"wp-block-image size-large\"><img loading=\"lazy\" decoding=\"async\" width=\"768\" height=\"1024\" src=\"https:\/\/conversationslexikon.de\/wp-content\/uploads\/2024\/03\/IMG_3099-768x1024.jpg\" alt=\"\" class=\"wp-image-625\" srcset=\"https:\/\/conversationslexikon.de\/wp-content\/uploads\/2024\/03\/IMG_3099-768x1024.jpg 768w, https:\/\/conversationslexikon.de\/wp-content\/uploads\/2024\/03\/IMG_3099-225x300.jpg 225w, https:\/\/conversationslexikon.de\/wp-content\/uploads\/2024\/03\/IMG_3099-1152x1536.jpg 1152w, https:\/\/conversationslexikon.de\/wp-content\/uploads\/2024\/03\/IMG_3099-1536x2048.jpg 1536w, https:\/\/conversationslexikon.de\/wp-content\/uploads\/2024\/03\/IMG_3099-640x853.jpg 640w, https:\/\/conversationslexikon.de\/wp-content\/uploads\/2024\/03\/IMG_3099-1024x1365.jpg 1024w, https:\/\/conversationslexikon.de\/wp-content\/uploads\/2024\/03\/IMG_3099-300x400.jpg 300w, https:\/\/conversationslexikon.de\/wp-content\/uploads\/2024\/03\/IMG_3099-375x500.jpg 375w, https:\/\/conversationslexikon.de\/wp-content\/uploads\/2024\/03\/IMG_3099-scaled.jpg 1920w\" sizes=\"(max-width: 768px) 100vw, 768px\" \/><\/figure>\n","protected":false},"excerpt":{"rendered":"<p>Die neue Folge von Dr.C.&#8217;s Conversationslexikon besch\u00e4ftigt sich mit der V wie Verantwortung. Dr. C. hat sich bei der Auseinandersetzung mit dem Thema derart verstrickt, dass er sich zur\u00fcckgezogen hat. [&hellip;]<\/p>\n","protected":false},"author":2,"featured_media":623,"comment_status":"closed","ping_status":"open","sticky":false,"template":"","format":"standard","meta":{"footnotes":""},"categories":[104],"tags":[],"jetpack_featured_media_url":"https:\/\/conversationslexikon.de\/wp-content\/uploads\/2024\/03\/Allegorie_220145.jpg","_links":{"self":[{"href":"https:\/\/conversationslexikon.de\/index.php?rest_route=\/wp\/v2\/posts\/622"}],"collection":[{"href":"https:\/\/conversationslexikon.de\/index.php?rest_route=\/wp\/v2\/posts"}],"about":[{"href":"https:\/\/conversationslexikon.de\/index.php?rest_route=\/wp\/v2\/types\/post"}],"author":[{"embeddable":true,"href":"https:\/\/conversationslexikon.de\/index.php?rest_route=\/wp\/v2\/users\/2"}],"replies":[{"embeddable":true,"href":"https:\/\/conversationslexikon.de\/index.php?rest_route=%2Fwp%2Fv2%2Fcomments&post=622"}],"version-history":[{"count":1,"href":"https:\/\/conversationslexikon.de\/index.php?rest_route=\/wp\/v2\/posts\/622\/revisions"}],"predecessor-version":[{"id":626,"href":"https:\/\/conversationslexikon.de\/index.php?rest_route=\/wp\/v2\/posts\/622\/revisions\/626"}],"wp:featuredmedia":[{"embeddable":true,"href":"https:\/\/conversationslexikon.de\/index.php?rest_route=\/wp\/v2\/media\/623"}],"wp:attachment":[{"href":"https:\/\/conversationslexikon.de\/index.php?rest_route=%2Fwp%2Fv2%2Fmedia&parent=622"}],"wp:term":[{"taxonomy":"category","embeddable":true,"href":"https:\/\/conversationslexikon.de\/index.php?rest_route=%2Fwp%2Fv2%2Fcategories&post=622"},{"taxonomy":"post_tag","embeddable":true,"href":"https:\/\/conversationslexikon.de\/index.php?rest_route=%2Fwp%2Fv2%2Ftags&post=622"}],"curies":[{"name":"wp","href":"https:\/\/api.w.org\/{rel}","templated":true}]}}