{"id":411,"date":"2020-05-14T15:11:11","date_gmt":"2020-05-14T15:11:11","guid":{"rendered":"http:\/\/conversationslexikon.de\/?p=411"},"modified":"2020-05-16T12:41:45","modified_gmt":"2020-05-16T12:41:45","slug":"drei-neue-folgen-im-juni","status":"publish","type":"post","link":"https:\/\/conversationslexikon.de\/?p=411","title":{"rendered":"Drei neue Folgen im Juni"},"content":{"rendered":"\n<p>Im Juni werden drei <strong><span class=\"has-inline-color has-vivid-red-color\">Sonntage leider verplant<\/span><\/strong> sein, denn am<strong> <span class=\"has-inline-color has-vivid-red-color\">7., 14. und 21. Juni<\/span> <\/strong>werden auf<span class=\"has-inline-color has-vivid-red-color\"> <a rel=\"noreferrer noopener\" href=\"https:\/\/www.swr.de\/swr2\/doku-und-feature\/index.html\" target=\"_blank\"><strong>SWR 2<\/strong><\/a><\/span> die neuen Folgen des <strong><span class=\"has-inline-color has-vivid-red-color\">Conversationslexikon<\/span><\/strong> gesendet! P wie Projekt, N wie Nachhaltigkeit und D wie Digitalisierung. Regelm\u00e4\u00dfige Ank\u00fcndigungen, Material und Fotos folgen!<\/p>\n\n\n\n<p><strong>Vorab ein kleiner, noch geheimer Trailer! Es wird grandios!<\/strong><\/p>\n\n\n\n<figure class=\"wp-block-audio\"><audio controls src=\"http:\/\/conversationslexikon.de\/wp-content\/uploads\/2020\/05\/drcc_Digitalisierung_TRAILER.mp3\"><\/audio><figcaption>D wie Digitalisierung &#8211; Ein Teaser!<\/figcaption><\/figure>\n\n\n\n<p><\/p>\n","protected":false},"excerpt":{"rendered":"<p>Im Juni werden drei Sonntage leider verplant sein, denn am 7., 14. und 21. Juni werden auf SWR 2 die neuen Folgen des Conversationslexikon gesendet! P wie Projekt, N wie [&hellip;]<\/p>\n","protected":false},"author":2,"featured_media":412,"comment_status":"closed","ping_status":"open","sticky":false,"template":"","format":"standard","meta":{"footnotes":""},"categories":[85],"tags":[90],"jetpack_featured_media_url":"https:\/\/conversationslexikon.de\/wp-content\/uploads\/2020\/05\/anjaboxhammer_17.png","_links":{"self":[{"href":"https:\/\/conversationslexikon.de\/index.php?rest_route=\/wp\/v2\/posts\/411"}],"collection":[{"href":"https:\/\/conversationslexikon.de\/index.php?rest_route=\/wp\/v2\/posts"}],"about":[{"href":"https:\/\/conversationslexikon.de\/index.php?rest_route=\/wp\/v2\/types\/post"}],"author":[{"embeddable":true,"href":"https:\/\/conversationslexikon.de\/index.php?rest_route=\/wp\/v2\/users\/2"}],"replies":[{"embeddable":true,"href":"https:\/\/conversationslexikon.de\/index.php?rest_route=%2Fwp%2Fv2%2Fcomments&post=411"}],"version-history":[{"count":3,"href":"https:\/\/conversationslexikon.de\/index.php?rest_route=\/wp\/v2\/posts\/411\/revisions"}],"predecessor-version":[{"id":424,"href":"https:\/\/conversationslexikon.de\/index.php?rest_route=\/wp\/v2\/posts\/411\/revisions\/424"}],"wp:featuredmedia":[{"embeddable":true,"href":"https:\/\/conversationslexikon.de\/index.php?rest_route=\/wp\/v2\/media\/412"}],"wp:attachment":[{"href":"https:\/\/conversationslexikon.de\/index.php?rest_route=%2Fwp%2Fv2%2Fmedia&parent=411"}],"wp:term":[{"taxonomy":"category","embeddable":true,"href":"https:\/\/conversationslexikon.de\/index.php?rest_route=%2Fwp%2Fv2%2Fcategories&post=411"},{"taxonomy":"post_tag","embeddable":true,"href":"https:\/\/conversationslexikon.de\/index.php?rest_route=%2Fwp%2Fv2%2Ftags&post=411"}],"curies":[{"name":"wp","href":"https:\/\/api.w.org\/{rel}","templated":true}]}}